{"id":196,"date":"2019-09-10T10:58:26","date_gmt":"2019-09-10T08:58:26","guid":{"rendered":"http:\/\/xn--sambetonkunst-ygb.de\/blog\/?p=196"},"modified":"2019-09-10T10:58:26","modified_gmt":"2019-09-10T08:58:26","slug":"kuenstlermarkt-im-sissi-schloss","status":"publish","type":"post","link":"http:\/\/xn--sambetonkunst-ygb.de\/blog\/2019\/09\/10\/kuenstlermarkt-im-sissi-schloss\/","title":{"rendered":"K\u00fcnstlermarkt im Sissi Schlo\u00df"},"content":{"rendered":"<p>Hallo liebe Kunstfreunde, am Sonntag, den 15. September ist SaM\u00e9 Betonkunst im sch\u00f6nen Ambiente im Sissi Schlo\u00df in Unterwittelsbach bei Aichach &#8211; dort wo die Kaiserin schon residiert hat! Von 10 bis 17 Uhr begr\u00fc\u00dfen wir alle, die getreu dem Motto &#8220; Kunst-Handwerk- Design- Vielfalt&#8220; Freude daran haben, K\u00fcnstler zu unterst\u00fctzen und echtes Kunsthandwerk zu sch\u00e4tzen wissen. Der Eintritt ist frei.<\/p>\n","protected":false},"excerpt":{"rendered":"<p>Hallo liebe Kunstfreunde, am Sonntag, den 15. September ist SaM\u00e9 Betonkunst im sch\u00f6nen Ambiente im Sissi Schlo\u00df in Unterwittelsbach bei Aichach &#8211; dort wo die Kaiserin schon residiert hat! Von 10 bis 17 Uhr begr\u00fc\u00dfen wir alle, die getreu dem Motto &#8220; Kunst-Handwerk- Design- Vielfalt&#8220; Freude daran haben, K\u00fcnstler zu unterst\u00fctzen und echtes Kunsthandwerk zu [&hellip;]<\/p>\n","protected":false},"author":1,"featured_media":184,"comment_status":"open","ping_status":"open","sticky":false,"template":"","format":"standard","meta":{"footnotes":""},"categories":[1],"tags":[],"_links":{"self":[{"href":"http:\/\/xn--sambetonkunst-ygb.de\/blog\/wp-json\/wp\/v2\/posts\/196"}],"collection":[{"href":"http:\/\/xn--sambetonkunst-ygb.de\/blog\/wp-json\/wp\/v2\/posts"}],"about":[{"href":"http:\/\/xn--sambetonkunst-ygb.de\/blog\/wp-json\/wp\/v2\/types\/post"}],"author":[{"embeddable":true,"href":"http:\/\/xn--sambetonkunst-ygb.de\/blog\/wp-json\/wp\/v2\/users\/1"}],"replies":[{"embeddable":true,"href":"http:\/\/xn--sambetonkunst-ygb.de\/blog\/wp-json\/wp\/v2\/comments?post=196"}],"version-history":[{"count":1,"href":"http:\/\/xn--sambetonkunst-ygb.de\/blog\/wp-json\/wp\/v2\/posts\/196\/revisions"}],"predecessor-version":[{"id":197,"href":"http:\/\/xn--sambetonkunst-ygb.de\/blog\/wp-json\/wp\/v2\/posts\/196\/revisions\/197"}],"wp:featuredmedia":[{"embeddable":true,"href":"http:\/\/xn--sambetonkunst-ygb.de\/blog\/wp-json\/wp\/v2\/media\/184"}],"wp:attachment":[{"href":"http:\/\/xn--sambetonkunst-ygb.de\/blog\/wp-json\/wp\/v2\/media?parent=196"}],"wp:term":[{"taxonomy":"category","embeddable":true,"href":"http:\/\/xn--sambetonkunst-ygb.de\/blog\/wp-json\/wp\/v2\/categories?post=196"},{"taxonomy":"post_tag","embeddable":true,"href":"http:\/\/xn--sambetonkunst-ygb.de\/blog\/wp-json\/wp\/v2\/tags?post=196"}],"curies":[{"name":"wp","href":"https:\/\/api.w.org\/{rel}","templated":true}]}}